{"id":953,"date":"2025-05-06T11:48:39","date_gmt":"2025-05-06T09:48:39","guid":{"rendered":"https:\/\/www.christiancane.com\/blog\/?p=953"},"modified":"2025-05-06T11:48:41","modified_gmt":"2025-05-06T09:48:41","slug":"quels-vetements-dinterieur-peuvent-etre-portes-a-lexterieur","status":"publish","type":"post","link":"https:\/\/www.christiancane.com\/blog\/quels-vetements-dinterieur-peuvent-etre-portes-a-lexterieur\/","title":{"rendered":"Quels v\u00eatements d\u2019int\u00e9rieur peuvent \u00eatre port\u00e9s \u00e0 l\u2019ext\u00e9rieur ?"},"content":{"rendered":"\n<p>Avez-vous d\u00e9j\u00e0 pens\u00e9 \u00e0 sortir en portant vos v\u00eatements d&rsquo;int\u00e9rieur pr\u00e9f\u00e9r\u00e9s ? Si certains h\u00e9sitent encore, ce style de vie a le vent en poupe. Avec le m\u00e9lange croissant de nos vies personnelles et professionnelles, il devient de plus en plus courant de confondre homewear et tenues pour la rue. Dans cet article, nous d\u00e9couvrons quels types de v\u00eatements d\u2019int\u00e9rieur peuvent facilement se transformer en v\u00eatements d\u2019ext\u00e9rieur.<\/p>\n\n\n\n<h2 class=\"wp-block-heading\">L&rsquo;\u00e9volution du homewear vers des tenues de ville<\/h2>\n\n\n\n<p>Depuis quelques ann\u00e9es, le homewear est devenu une tendance forte dans le monde de la mode. Ces v\u00eatements de d\u00e9tente, initialement con\u00e7us pour rester confortablement chez soi, ont su s\u00e9duire par leur aspect pratique et confortable. Les fronti\u00e8res entre les v\u00eatements d&rsquo;int\u00e9rieur et d&rsquo;ext\u00e9rieur sont devenues floues. Ce ph\u00e9nom\u00e8ne s&rsquo;explique par un besoin grandissant de confort au quotidien, sans sacrifier le style.<\/p>\n\n\n\n<p>Le style d\u00e9contract\u00e9 a gagn\u00e9 en popularit\u00e9. De nombreux cr\u00e9ateurs et marques ont int\u00e9gr\u00e9 cette esth\u00e9tique dans leurs collections. Autrefois r\u00e9serv\u00e9es \u00e0 des moments de relaxation \u00e0 domicile, ces pi\u00e8ces sortent d\u00e9sormais en toute occasion. Elles ne r\u00e9pondent pas uniquement \u00e0 des crit\u00e8res esth\u00e9tiques, mais aussi pratiques, noyant ainsi les distinctions traditionnelles.<\/p>\n\n\n\n<h2 class=\"wp-block-heading\">L&rsquo;av\u00e8nement des mati\u00e8res naturelles<\/h2>\n\n\n\n<p>Les mati\u00e8res naturelles jouent un r\u00f4le important dans cette transition du homewear vers la rue. Le coton bio, le lin ou encore la laine assurent non seulement un confort optimal, mais apportent \u00e9galement une allure chic et \u00e9l\u00e9gante qui convient parfaitement \u00e0 une utilisation ext\u00e9rieure.<\/p>\n\n\n\n<p>Ces tissus respirants permettent de conserver une sensation de bien-\u00eatre tout au long de la journ\u00e9e. Ils offrent aussi une apparence soign\u00e9e, essentielle pour ceux souhaitant adopter ce look \u00e0 l&rsquo;ext\u00e9rieur. Ainsi, choisir des v\u00eatements fabriqu\u00e9s \u00e0 partir de mati\u00e8res naturelles favorise non seulement notre confort, mais garantit aussi un certain niveau d&rsquo;\u00e9l\u00e9gance.<\/p>\n\n\n\n<h2 class=\"wp-block-heading\">Les classiques remani\u00e9s : du pyjama \u00e0 la nuisette<\/h2>\n\n\n\n<p>Parmi les v\u00eatements embl\u00e9matiques \u00e0 avoir quitt\u00e9 les murs de la maison, le pyjama occupe une place de choix. En effet, d\u00e9clin\u00e9 avec des coupes modernes et des mat\u00e9riaux nobles, il n&rsquo;est pas rare d&rsquo;apercevoir des pantalons de pyjama associ\u00e9s \u00e0 une veste structur\u00e9e ou \u00e0 des talons pour un look de soir\u00e9e audacieux.<\/p>\n\n\n\n<p>Quant aux nuisettes, elles font fureur comme robes d&rsquo;\u00e9t\u00e9 a\u00e9riennes. Port\u00e9es sous un blazer ou associ\u00e9es \u00e0 des bottines, elles deviennent des pi\u00e8ces sophistiqu\u00e9es et trendy. Cette transformation t\u00e9moigne d&rsquo;une polyvalence surprenante de ces articles autrefois stigmatis\u00e9s comme exclusivement priv\u00e9s.<\/p>\n\n\n\n<h2 class=\"wp-block-heading\">Sous-v\u00eatements thermiques : une double fonction<\/h2>\n\n\n\n<p>Dans une cat\u00e9gorie diff\u00e9rente, les sous-v\u00eatements thermiques remplissent parfaitement le r\u00f4le de tenants du chaud durant l&rsquo;hiver. Majoritairement confectionn\u00e9s en mati\u00e8res techniques et isolantes, ils deviennent souvent des pi\u00e8ces ma\u00eetresses quand les temp\u00e9ratures chutent.<\/p>\n\n\n\n<p>Port\u00e9s discr\u00e8tement sous des v\u00eatements d\u2019ext\u00e9rieur lors des jours froids, ils peuvent \u00e9galement servir de base \u00e0 part enti\u00e8re dans une tenue quotidienne. Par exemple, un haut thermique sous une chemise ouverte ou un pull ajour\u00e9 ajoute une couche de texture et de chaleur bienvenue. C\u2019est autant un \u00e9l\u00e9ment de praticit\u00e9 qu\u2019un atout de style.<\/p>\n\n\n\n<h2 class=\"wp-block-heading\">V\u00eatements de d\u00e9tente et culture pop<\/h2>\n\n\n\n<p>La culture pop joue un r\u00f4le cl\u00e9 dans l&rsquo;acceptation des v\u00eatements d&rsquo;int\u00e9rieur hors du cadre domestique. Qu\u2019il s\u2019agisse de c\u00e9l\u00e9brit\u00e9s osant l\u2019apparition en sweatpants dans la rue ou de s\u00e9ries mettant en avant le cocooning fashion, ces influences propulsent ce trend urbain.<\/p>\n\n\n\n<p>Sur les r\u00e9seaux sociaux, nombreux sont ceux qui partagent leurs looks m\u00ealant v\u00eatements de d\u00e9tente et accessoires ext\u00e9rieurs. Des baskets stylis\u00e9es, foulards color\u00e9s ou bijoux voyants suffisent \u00e0 rehausser un legging ou un hoodie, transformant le banal en branch\u00e9. La libert\u00e9 de mixer les genres renforce cette mode o\u00f9 la d\u00e9contraction est synonyme de chic d\u00e9cal\u00e9.<\/p>\n\n\n\n<h2 class=\"wp-block-heading\">Accessoiriser pour transformer l\u2019apparence<\/h2>\n\n\n\n<p>L&rsquo;art d&rsquo;accessoiriser joue un r\u00f4le crucial dans le passage d&rsquo;un v\u00eatement d&rsquo;int\u00e9rieur \u00e0 une tenue d&rsquo;ext\u00e9rieur. Choisir les bons accessoires permet de red\u00e9finir totalement un look. Des ceintures marqu\u00e9es sur des peignoirs longs transforment ces derniers en manteaux l\u00e9gers parfaits pour la mi-saison.<\/p>\n\n\n\n<p>Les bijoux, \u00e9charpes ou chaussures tendance ajoutent ce qu&rsquo;il faut de sophistication \u00e0 m\u00eame les pi\u00e8ces les plus simples. L\u2019id\u00e9e est de cr\u00e9er un contraste \u00e9l\u00e9gant entre le minimalisme d&rsquo;un v\u00eatement de d\u00e9tente et la touche \u00e9clatante d\u2019un accessoire bien choisi.<\/p>\n\n\n\n<h2 class=\"wp-block-heading\">Quand le style rencontre le confort professionnel<\/h2>\n\n\n\n<p>Pour celles et ceux \u00e9voluant dans des environnements de travail flexibles, int\u00e9grer le confort d&rsquo;un homewear adapt\u00e9 \u00e0 une tenue professionnelle est une priorit\u00e9. Travailler bas\u00e9 \u00e0 domicile, une pratique de plus en plus courante, favorise cette \u00e9volution.<\/p>\n\n\n\n<p>Choisir un cardigan doux plut\u00f4t qu\u2019une veste rigide, opter pour des pantalons souples rempla\u00e7ant les tailleurs classiques sont d\u00e9sormais des tendances en hausse. Ces v\u00eatements de travail dissimulent habilement leur origine lounge et permettent de maintenir une allure s\u00e9rieuse lorsque n\u00e9cessaire.<\/p>\n\n\n\n<h2 class=\"wp-block-heading\">L\u2019art du layering<\/h2>\n\n\n\n<p>Le layering, ou superposition de couches, facilite l\u2019int\u00e9gration de v\u00eatements de d\u00e9tente dans un ensemble professionnel. Une camisole moelleuse sous une veste droite ou une robe-pull accessoiris\u00e9e de fa\u00e7on formelle suffit \u00e0 valider une approche hybride efficace.<\/p>\n\n\n\n<p>Ce jeu de stratifications offre en outre une capacit\u00e9 d&rsquo;adaptation rapide selon le contexte gr\u00e2ce \u00e0 l\u2019ajout ou retrait facile de ces \u00e9l\u00e9ments. Le layering n&rsquo;est pas juste pratique, il constitue aussi une d\u00e9claration de style affirmant l&rsquo;\u00e9quilibre entre aisance et esth\u00e9tique.<\/p>\n\n\n\n<ul>\n<li>Optez pour des mati\u00e8res naturelles pour un toucher agr\u00e9able.<\/li>\n\n\n\n<li>Associez pyjamas et accessoires pour une sophistication accrue.<\/li>\n\n\n\n<li>Utilisez les sous-v\u00eatements thermiques comme baselayer ext\u00e9rieur.<\/li>\n\n\n\n<li>Jouez les contrastes avec des accessoires audacieux.<\/li>\n\n\n\n<li>Adoptez le layering pour adapter vos tenues selon l&rsquo;occasion.<\/li>\n<\/ul>\n\n\n\n<h2 class=\"wp-block-heading\">Tendance globale : impact soci\u00e9tal et environnemental<\/h2>\n\n\n\n<p>Derri\u00e8re la notion de porter ses v\u00eatements d\u2019int\u00e9rieur dehors se cache aussi un effet b\u00e9n\u00e9fique pour notre plan\u00e8te. En choisissant des pi\u00e8ces multifonctionnelles, vous r\u00e9duisez votre garde-robe et minimisez ainsi la surconsommation textile, facteur majeur de pollution.<\/p>\n\n\n\n<p>Cette approche soutient une consommation responsable, alliant conscience \u00e9cologique et praticit\u00e9. Changer sa perception des usages vestimentaires favorisera non seulement une qualit\u00e9 de vie am\u00e9lior\u00e9e par le confort mais contribuera in fine \u00e0 am\u00e9liorer collectivement notre empreinte \u00e9cologique.<\/p>\n\n\n\n<p>En somme, le m\u00e9lange intelligent de v\u00eatements d&rsquo;int\u00e9rieur et d\u2019ext\u00e9rieur tient seul face aux exigences actuelles de notre mode de vie dynamique. Il incarne une flexibilit\u00e9 tant d\u00e9sir\u00e9e dans le rythme effr\u00e9n\u00e9 de la modernit\u00e9 tout en pr\u00e9sageant un avenir durable pour la mode.<\/p>\n","protected":false},"excerpt":{"rendered":"<p>Avez-vous d\u00e9j\u00e0 pens\u00e9 \u00e0 sortir en portant vos v\u00eatements d&rsquo;int\u00e9rieur pr\u00e9f\u00e9r\u00e9s ? Si certains h\u00e9sitent encore, ce style de vie a le vent en poupe. Avec le m\u00e9lange croissant de nos vies personnelles et professionnelles, il devient de plus en plus courant de confondre homewear et tenues pour la rue. Dans cet article, nous d\u00e9couvrons &hellip;<\/p>\n<p class=\"read-more\"> <a class=\"\" href=\"https:\/\/www.christiancane.com\/blog\/quels-vetements-dinterieur-peuvent-etre-portes-a-lexterieur\/\"> <span class=\"screen-reader-text\">Quels v\u00eatements d\u2019int\u00e9rieur peuvent \u00eatre port\u00e9s \u00e0 l\u2019ext\u00e9rieur ?<\/span> Lire la suite\u00a0\u00bb<\/a><\/p>\n","protected":false},"author":3,"featured_media":954,"comment_status":"open","ping_status":"open","sticky":false,"template":"","format":"standard","meta":{"site-sidebar-layout":"default","site-content-layout":"","ast-site-content-layout":"default","site-content-style":"default","site-sidebar-style":"default","ast-global-header-display":"","ast-banner-title-visibility":"","ast-main-header-display":"","ast-hfb-above-header-display":"","ast-hfb-below-header-display":"","ast-hfb-mobile-header-display":"","site-post-title":"","ast-breadcrumbs-content":"","ast-featured-img":"","footer-sml-layout":"","theme-transparent-header-meta":"","adv-header-id-meta":"","stick-header-meta":"","header-above-stick-meta":"","header-main-stick-meta":"","header-below-stick-meta":"","astra-migrate-meta-layouts":"set","footnotes":""},"categories":[2],"tags":[],"yoast_head":"<!-- This site is optimized with the Yoast SEO plugin v17.7 - https:\/\/yoast.com\/wordpress\/plugins\/seo\/ -->\n<title>Quels v\u00eatements d\u2019int\u00e9rieur peuvent \u00eatre port\u00e9s \u00e0 l\u2019ext\u00e9rieur ? -<\/title>\n<meta name=\"robots\" content=\"index, follow, max-snippet:-1, max-image-preview:large, max-video-preview:-1\" \/>\n<link rel=\"canonical\" href=\"https:\/\/www.christiancane.com\/blog\/quels-vetements-dinterieur-peuvent-etre-portes-a-lexterieur\/\" \/>\n<meta property=\"og:locale\" content=\"fr_FR\" \/>\n<meta property=\"og:type\" content=\"article\" \/>\n<meta property=\"og:title\" content=\"Quels v\u00eatements d\u2019int\u00e9rieur peuvent \u00eatre port\u00e9s \u00e0 l\u2019ext\u00e9rieur ? -\" \/>\n<meta property=\"og:description\" content=\"Avez-vous d\u00e9j\u00e0 pens\u00e9 \u00e0 sortir en portant vos v\u00eatements d&rsquo;int\u00e9rieur pr\u00e9f\u00e9r\u00e9s ? Si certains h\u00e9sitent encore, ce style de vie a le vent en poupe. Avec le m\u00e9lange croissant de nos vies personnelles et professionnelles, il devient de plus en plus courant de confondre homewear et tenues pour la rue. Dans cet article, nous d\u00e9couvrons &hellip; Quels v\u00eatements d\u2019int\u00e9rieur peuvent \u00eatre port\u00e9s \u00e0 l\u2019ext\u00e9rieur ? Lire la suite\u00a0\u00bb\" \/>\n<meta property=\"og:url\" content=\"https:\/\/www.christiancane.com\/blog\/quels-vetements-dinterieur-peuvent-etre-portes-a-lexterieur\/\" \/>\n<meta property=\"article:published_time\" content=\"2025-05-06T09:48:39+00:00\" \/>\n<meta property=\"article:modified_time\" content=\"2025-05-06T09:48:41+00:00\" \/>\n<meta property=\"og:image\" content=\"https:\/\/www.christiancane.com\/blog\/wp-content\/uploads\/2025\/05\/Quels-vetements-dinterieur-peuvent-etre-portes-a-lexterieur-.jpg\" \/>\n\t<meta property=\"og:image:width\" content=\"1280\" \/>\n\t<meta property=\"og:image:height\" content=\"800\" \/>\n<meta name=\"twitter:card\" content=\"summary_large_image\" \/>\n<meta name=\"twitter:creator\" content=\"@frederic@fdseo.fr\" \/>\n<meta name=\"twitter:label1\" content=\"\u00c9crit par\" \/>\n\t<meta name=\"twitter:data1\" content=\"Fantine\" \/>\n\t<meta name=\"twitter:label2\" content=\"Dur\u00e9e de lecture estim\u00e9e\" \/>\n\t<meta name=\"twitter:data2\" content=\"6 minutes\" \/>\n<script type=\"application\/ld+json\" class=\"yoast-schema-graph\">{\"@context\":\"https:\/\/schema.org\",\"@graph\":[{\"@type\":\"WebSite\",\"@id\":\"https:\/\/www.christiancane.com\/blog\/#website\",\"url\":\"https:\/\/www.christiancane.com\/blog\/\",\"name\":\"\",\"description\":\"\",\"potentialAction\":[{\"@type\":\"SearchAction\",\"target\":{\"@type\":\"EntryPoint\",\"urlTemplate\":\"https:\/\/www.christiancane.com\/blog\/?s={search_term_string}\"},\"query-input\":\"required name=search_term_string\"}],\"inLanguage\":\"fr-FR\"},{\"@type\":\"ImageObject\",\"@id\":\"https:\/\/www.christiancane.com\/blog\/quels-vetements-dinterieur-peuvent-etre-portes-a-lexterieur\/#primaryimage\",\"inLanguage\":\"fr-FR\",\"url\":\"https:\/\/www.christiancane.com\/blog\/wp-content\/uploads\/2025\/05\/Quels-vetements-dinterieur-peuvent-etre-portes-a-lexterieur-.jpg\",\"contentUrl\":\"https:\/\/www.christiancane.com\/blog\/wp-content\/uploads\/2025\/05\/Quels-vetements-dinterieur-peuvent-etre-portes-a-lexterieur-.jpg\",\"width\":1280,\"height\":800},{\"@type\":\"WebPage\",\"@id\":\"https:\/\/www.christiancane.com\/blog\/quels-vetements-dinterieur-peuvent-etre-portes-a-lexterieur\/#webpage\",\"url\":\"https:\/\/www.christiancane.com\/blog\/quels-vetements-dinterieur-peuvent-etre-portes-a-lexterieur\/\",\"name\":\"Quels v\\u00eatements d\\u2019int\\u00e9rieur peuvent \\u00eatre port\\u00e9s \\u00e0 l\\u2019ext\\u00e9rieur ? -\",\"isPartOf\":{\"@id\":\"https:\/\/www.christiancane.com\/blog\/#website\"},\"primaryImageOfPage\":{\"@id\":\"https:\/\/www.christiancane.com\/blog\/quels-vetements-dinterieur-peuvent-etre-portes-a-lexterieur\/#primaryimage\"},\"datePublished\":\"2025-05-06T09:48:39+00:00\",\"dateModified\":\"2025-05-06T09:48:41+00:00\",\"author\":{\"@id\":\"https:\/\/www.christiancane.com\/blog\/#\/schema\/person\/d815422e8e9777e98f86028bf4174d2a\"},\"breadcrumb\":{\"@id\":\"https:\/\/www.christiancane.com\/blog\/quels-vetements-dinterieur-peuvent-etre-portes-a-lexterieur\/#breadcrumb\"},\"inLanguage\":\"fr-FR\",\"potentialAction\":[{\"@type\":\"ReadAction\",\"target\":[\"https:\/\/www.christiancane.com\/blog\/quels-vetements-dinterieur-peuvent-etre-portes-a-lexterieur\/\"]}]},{\"@type\":\"BreadcrumbList\",\"@id\":\"https:\/\/www.christiancane.com\/blog\/quels-vetements-dinterieur-peuvent-etre-portes-a-lexterieur\/#breadcrumb\",\"itemListElement\":[{\"@type\":\"ListItem\",\"position\":1,\"name\":\"Accueil\",\"item\":\"https:\/\/www.christiancane.com\/blog\/\"},{\"@type\":\"ListItem\",\"position\":2,\"name\":\"Quels v\\u00eatements d\\u2019int\\u00e9rieur peuvent \\u00eatre port\\u00e9s \\u00e0 l\\u2019ext\\u00e9rieur ?\"}]},{\"@type\":\"Person\",\"@id\":\"https:\/\/www.christiancane.com\/blog\/#\/schema\/person\/d815422e8e9777e98f86028bf4174d2a\",\"name\":\"Fantine\",\"image\":{\"@type\":\"ImageObject\",\"@id\":\"https:\/\/www.christiancane.com\/blog\/#personlogo\",\"inLanguage\":\"fr-FR\",\"url\":\"https:\/\/secure.gravatar.com\/avatar\/b6732a8cf4aa430fa9f4a298ce9123f9?s=96&d=mm&r=g\",\"contentUrl\":\"https:\/\/secure.gravatar.com\/avatar\/b6732a8cf4aa430fa9f4a298ce9123f9?s=96&d=mm&r=g\",\"caption\":\"Fantine\"},\"sameAs\":[\"https:\/\/twitter.com\/frederic@fdseo.fr\"]}]}<\/script>\n<!-- \/ Yoast SEO plugin. -->","yoast_head_json":{"title":"Quels v\u00eatements d\u2019int\u00e9rieur peuvent \u00eatre port\u00e9s \u00e0 l\u2019ext\u00e9rieur ? -","robots":{"index":"index","follow":"follow","max-snippet":"max-snippet:-1","max-image-preview":"max-image-preview:large","max-video-preview":"max-video-preview:-1"},"canonical":"https:\/\/www.christiancane.com\/blog\/quels-vetements-dinterieur-peuvent-etre-portes-a-lexterieur\/","og_locale":"fr_FR","og_type":"article","og_title":"Quels v\u00eatements d\u2019int\u00e9rieur peuvent \u00eatre port\u00e9s \u00e0 l\u2019ext\u00e9rieur ? -","og_description":"Avez-vous d\u00e9j\u00e0 pens\u00e9 \u00e0 sortir en portant vos v\u00eatements d&rsquo;int\u00e9rieur pr\u00e9f\u00e9r\u00e9s ? Si certains h\u00e9sitent encore, ce style de vie a le vent en poupe. Avec le m\u00e9lange croissant de nos vies personnelles et professionnelles, il devient de plus en plus courant de confondre homewear et tenues pour la rue. Dans cet article, nous d\u00e9couvrons &hellip; Quels v\u00eatements d\u2019int\u00e9rieur peuvent \u00eatre port\u00e9s \u00e0 l\u2019ext\u00e9rieur ? Lire la suite\u00a0\u00bb","og_url":"https:\/\/www.christiancane.com\/blog\/quels-vetements-dinterieur-peuvent-etre-portes-a-lexterieur\/","article_published_time":"2025-05-06T09:48:39+00:00","article_modified_time":"2025-05-06T09:48:41+00:00","og_image":[{"width":1280,"height":800,"url":"https:\/\/www.christiancane.com\/blog\/wp-content\/uploads\/2025\/05\/Quels-vetements-dinterieur-peuvent-etre-portes-a-lexterieur-.jpg","type":"image\/jpeg"}],"twitter_card":"summary_large_image","twitter_creator":"@frederic@fdseo.fr","twitter_misc":{"\u00c9crit par":"Fantine","Dur\u00e9e de lecture estim\u00e9e":"6 minutes"},"schema":{"@context":"https:\/\/schema.org","@graph":[{"@type":"WebSite","@id":"https:\/\/www.christiancane.com\/blog\/#website","url":"https:\/\/www.christiancane.com\/blog\/","name":"","description":"","potentialAction":[{"@type":"SearchAction","target":{"@type":"EntryPoint","urlTemplate":"https:\/\/www.christiancane.com\/blog\/?s={search_term_string}"},"query-input":"required name=search_term_string"}],"inLanguage":"fr-FR"},{"@type":"ImageObject","@id":"https:\/\/www.christiancane.com\/blog\/quels-vetements-dinterieur-peuvent-etre-portes-a-lexterieur\/#primaryimage","inLanguage":"fr-FR","url":"https:\/\/www.christiancane.com\/blog\/wp-content\/uploads\/2025\/05\/Quels-vetements-dinterieur-peuvent-etre-portes-a-lexterieur-.jpg","contentUrl":"https:\/\/www.christiancane.com\/blog\/wp-content\/uploads\/2025\/05\/Quels-vetements-dinterieur-peuvent-etre-portes-a-lexterieur-.jpg","width":1280,"height":800},{"@type":"WebPage","@id":"https:\/\/www.christiancane.com\/blog\/quels-vetements-dinterieur-peuvent-etre-portes-a-lexterieur\/#webpage","url":"https:\/\/www.christiancane.com\/blog\/quels-vetements-dinterieur-peuvent-etre-portes-a-lexterieur\/","name":"Quels v\u00eatements d\u2019int\u00e9rieur peuvent \u00eatre port\u00e9s \u00e0 l\u2019ext\u00e9rieur ? -","isPartOf":{"@id":"https:\/\/www.christiancane.com\/blog\/#website"},"primaryImageOfPage":{"@id":"https:\/\/www.christiancane.com\/blog\/quels-vetements-dinterieur-peuvent-etre-portes-a-lexterieur\/#primaryimage"},"datePublished":"2025-05-06T09:48:39+00:00","dateModified":"2025-05-06T09:48:41+00:00","author":{"@id":"https:\/\/www.christiancane.com\/blog\/#\/schema\/person\/d815422e8e9777e98f86028bf4174d2a"},"breadcrumb":{"@id":"https:\/\/www.christiancane.com\/blog\/quels-vetements-dinterieur-peuvent-etre-portes-a-lexterieur\/#breadcrumb"},"inLanguage":"fr-FR","potentialAction":[{"@type":"ReadAction","target":["https:\/\/www.christiancane.com\/blog\/quels-vetements-dinterieur-peuvent-etre-portes-a-lexterieur\/"]}]},{"@type":"BreadcrumbList","@id":"https:\/\/www.christiancane.com\/blog\/quels-vetements-dinterieur-peuvent-etre-portes-a-lexterieur\/#breadcrumb","itemListElement":[{"@type":"ListItem","position":1,"name":"Accueil","item":"https:\/\/www.christiancane.com\/blog\/"},{"@type":"ListItem","position":2,"name":"Quels v\u00eatements d\u2019int\u00e9rieur peuvent \u00eatre port\u00e9s \u00e0 l\u2019ext\u00e9rieur ?"}]},{"@type":"Person","@id":"https:\/\/www.christiancane.com\/blog\/#\/schema\/person\/d815422e8e9777e98f86028bf4174d2a","name":"Fantine","image":{"@type":"ImageObject","@id":"https:\/\/www.christiancane.com\/blog\/#personlogo","inLanguage":"fr-FR","url":"https:\/\/secure.gravatar.com\/avatar\/b6732a8cf4aa430fa9f4a298ce9123f9?s=96&d=mm&r=g","contentUrl":"https:\/\/secure.gravatar.com\/avatar\/b6732a8cf4aa430fa9f4a298ce9123f9?s=96&d=mm&r=g","caption":"Fantine"},"sameAs":["https:\/\/twitter.com\/frederic@fdseo.fr"]}]}},"_links":{"self":[{"href":"https:\/\/www.christiancane.com\/blog\/wp-json\/wp\/v2\/posts\/953"}],"collection":[{"href":"https:\/\/www.christiancane.com\/blog\/wp-json\/wp\/v2\/posts"}],"about":[{"href":"https:\/\/www.christiancane.com\/blog\/wp-json\/wp\/v2\/types\/post"}],"author":[{"embeddable":true,"href":"https:\/\/www.christiancane.com\/blog\/wp-json\/wp\/v2\/users\/3"}],"replies":[{"embeddable":true,"href":"https:\/\/www.christiancane.com\/blog\/wp-json\/wp\/v2\/comments?post=953"}],"version-history":[{"count":1,"href":"https:\/\/www.christiancane.com\/blog\/wp-json\/wp\/v2\/posts\/953\/revisions"}],"predecessor-version":[{"id":955,"href":"https:\/\/www.christiancane.com\/blog\/wp-json\/wp\/v2\/posts\/953\/revisions\/955"}],"wp:featuredmedia":[{"embeddable":true,"href":"https:\/\/www.christiancane.com\/blog\/wp-json\/wp\/v2\/media\/954"}],"wp:attachment":[{"href":"https:\/\/www.christiancane.com\/blog\/wp-json\/wp\/v2\/media?parent=953"}],"wp:term":[{"taxonomy":"category","embeddable":true,"href":"https:\/\/www.christiancane.com\/blog\/wp-json\/wp\/v2\/categories?post=953"},{"taxonomy":"post_tag","embeddable":true,"href":"https:\/\/www.christiancane.com\/blog\/wp-json\/wp\/v2\/tags?post=953"}],"curies":[{"name":"wp","href":"https:\/\/api.w.org\/{rel}","templated":true}]}}